{"id":23369,"date":"2024-06-11T11:37:59","date_gmt":"2024-06-11T09:37:59","guid":{"rendered":"https:\/\/nordiccrane.com\/dk\/?p=23369"},"modified":"2024-06-11T11:37:59","modified_gmt":"2024-06-11T09:37:59","slug":"projekt-traevindmoeller","status":"publish","type":"post","link":"https:\/\/nordiccrane.com\/dk\/projekt-traevindmoeller\/projekter\/","title":{"rendered":"Projekt: Tr\u00e6vindm\u00f8ller"},"content":{"rendered":"\n<p class=\" eplus-wrapper\"><strong>Hos Nordic Crane arbejder vi for en b\u00e6redygtig fremtid. Sidste sommer var vi med at bygge Sveriges f\u00f8rste tr\u00e6vindm\u00f8lle med vores 250 tons helelektriske b\u00e6ltekran.<\/strong><\/p>\n\n\n\n<p class=\" eplus-wrapper\"><strong>Fordelene ved tr\u00e6<\/strong><br>Brug af tr\u00e6 i stedet for st\u00e5l til vindm\u00f8ller kan reducere kuldioxidudledningen med 90%, da tr\u00e6 som materiale binder kuldioxid.<\/p>\n\n\n\n<p class=\" eplus-wrapper\">Vores banebrydende projekt brugte verdens f\u00f8rste elektriske b\u00e6ltekran, Liebherr LR 1250 Unplugged. Denne 100% elektriske kran kan l\u00f8fte op til 250 tons.<\/p>\n\n\n\n<p class=\" eplus-wrapper\"><strong>Innovative l\u00f8sninger og samarbejde<\/strong><br>Det 105 meter h\u00f8je tr\u00e6t\u00e5rn er en af verdens h\u00f8jeste tr\u00e6konstruktioner. &#8220;Driften af store t\u00e5rnmoduler i tr\u00e6 kr\u00e6ver nyt\u00e6nkning for at im\u00f8dekomme de nye udfordringer, der opst\u00e5r i gr\u00e6nselandet mellem st\u00e5l og tr\u00e6,&#8221; forklarer projektleder Peder \u00c5sen fra Nordic Crane.<\/p>\n\n\n\n<p class=\" eplus-wrapper\">&#8220;Hvert t\u00e5rn best\u00e5r af syv sektioner p\u00e5 14 meter, hvor hver sektion er sammensat af 28 moduler \u00e1 12 tons, s\u00e5 dimensionerne er store,&#8221; forts\u00e6tter han. Nordic Crane tog udfordringen, og bidrog med alt fra kraner til design af l\u00f8ftepunkter og udvikling af arbejdsmetoder. Vi var med fra starten og deltog i ugentlige m\u00f8der siden 2022, hvor vi bidrog med ideer og designede l\u00f8fteudstyr sammen med vores ingeni\u00f8rafdeling.<\/p>\n\n\n<div class=\"wp-block-columns eplus-wrapper is-layout-flex wp-container-core-columns-is-layout-9d6595d7 wp-block-columns-is-layout-flex eplus-styles-uid-3535bb\">\n<div class=\"wp-block-column eplus-wrapper is-layout-flow wp-block-column-is-layout-flow\"><div class=\"wp-block-columns eplus-wrapper is-layout-flex wp-container-core-columns-is-layout-9d6595d7 wp-block-columns-is-layout-flex eplus-styles-uid-9e74b4\">\n<div class=\"wp-block-column eplus-wrapper is-layout-flow wp-block-column-is-layout-flow\"><div class=\"wp-block-ub-content-toggle wp-block-ub-content-toggle-block\" id=\"ub-content-toggle-block-359e14c3-70fb-45e3-a7d4-a7834bed41af\" data-mobilecollapse=\"true\" data-desktopcollapse=\"true\" data-preventcollapse=\"false\" data-showonlyone=\"false\">\n<div class=\"wp-block-ub-content-toggle-accordion\" style=\"border-color: #f1f1f1; \" id=\"ub-content-toggle-panel-block-64770510-364a-4fc4-8f27-c09b99410f9e\">\n\t\t\t<div class=\"wp-block-ub-content-toggle-accordion-title-wrap\" style=\"background-color: #f1f1f1;\" aria-controls=\"ub-content-toggle-panel-0-359e14c3-70fb-45e3-a7d4-a7834bed41af\" tabindex=\"0\">\n\t\t\t<h6 class=\"wp-block-ub-content-toggle-accordion-title ub-content-toggle-title-359e14c3-70fb-45e3-a7d4-a7834bed41af\" style=\"color: #000000; \">Projektinformation<\/h6>\n\t\t\t<div class=\"wp-block-ub-content-toggle-accordion-toggle-wrap right\" style=\"color: #000000;\"><span class=\"wp-block-ub-content-toggle-accordion-state-indicator wp-block-ub-chevron-down\"><\/span><\/div>\n\t\t<\/div>\n\t\t\t<div role=\"region\" aria-expanded=\"false\" class=\"wp-block-ub-content-toggle-accordion-content-wrap ub-hide\" id=\"ub-content-toggle-panel-0-359e14c3-70fb-45e3-a7d4-a7834bed41af\">\n<p class=\" eplus-wrapper eplus-styles-uid-5585bf\"><strong>Kraner:<\/strong> Liebherr LR Unplugged (250t), Demag CC2500 (500t)<br><strong>Kranf\u00f8rer:<\/strong> Elmer Kildal<br><strong>Kunde:<\/strong> Modvion<br><strong>Projektleder:<\/strong> Peder \u00c5s\u00e9n<br><strong>Varighed:<\/strong> Uge 15 til uge 43<br><strong>Beliggenhed:<\/strong> Uden for Skara for Modvion<\/p>\n<\/div>\n\t\t<\/div>\n<\/div><\/div>\n<\/div><\/div>\n\n\n\n<div class=\"wp-block-column is-vertically-aligned-top has-white-background-color has-background eplus-wrapper is-layout-flow wp-block-column-is-layout-flow\"><div class=\"wp-block-columns eplus-wrapper is-layout-flex wp-container-core-columns-is-layout-9d6595d7 wp-block-columns-is-layout-flex eplus-styles-uid-9c3b40\">\n<div class=\"wp-block-column eplus-wrapper is-layout-flow wp-block-column-is-layout-flow\"><div class=\"wp-block-ub-content-toggle wp-block-ub-content-toggle-block\" id=\"ub-content-toggle-block-e65c56ff-230f-4dce-871c-33d1c7febe9b\" data-mobilecollapse=\"true\" data-desktopcollapse=\"true\" data-preventcollapse=\"false\" data-showonlyone=\"false\">\n<div class=\"wp-block-ub-content-toggle-accordion\" style=\"border-color: #f1f1f1; \" id=\"ub-content-toggle-panel-block-99d7b48e-4656-49b5-b207-0093b210c50d\">\n\t\t\t<div class=\"wp-block-ub-content-toggle-accordion-title-wrap\" style=\"background-color: #f1f1f1;\" aria-controls=\"ub-content-toggle-panel-0-e65c56ff-230f-4dce-871c-33d1c7febe9b\" tabindex=\"0\">\n\t\t\t<h6 class=\"wp-block-ub-content-toggle-accordion-title ub-content-toggle-title-e65c56ff-230f-4dce-871c-33d1c7febe9b\" style=\"color: #000000; \">Derfor er tr\u00e6 et godt materiale<\/h6>\n\t\t\t<div class=\"wp-block-ub-content-toggle-accordion-toggle-wrap right\" style=\"color: #000000;\"><span class=\"wp-block-ub-content-toggle-accordion-state-indicator wp-block-ub-chevron-down\"><\/span><\/div>\n\t\t<\/div>\n\t\t\t<div role=\"region\" aria-expanded=\"false\" class=\"wp-block-ub-content-toggle-accordion-content-wrap ub-hide\" id=\"ub-content-toggle-panel-0-e65c56ff-230f-4dce-871c-33d1c7febe9b\">\n<p class=\" eplus-wrapper eplus-styles-uid-5585bf\">-Binder kuldioxid.<br>-Mindre energiforbrug i produktionen.<br>-Genbrug af tr\u00e6et efter m\u00f8llens levetid.<br>-Modul\u00e6re t\u00e5rne er nemmere at transportere.<br>-Mulighed for h\u00f8jere strukturer p\u00e5 utilg\u00e6ngelige steder.<br>-Limtr\u00e6 er st\u00e6rkere pr. v\u00e6gtenhed end st\u00e5l.<\/p>\n<\/div>\n\t\t<\/div>\n<\/div><\/div>\n<\/div><\/div>\n<\/div>\n\n\n<div style=\"height:27px\" aria-hidden=\"true\" class=\" wp-block-spacer eplus-wrapper\"><\/div>\n\n\n<figure class=\"wp-embed-aspect-16-9 wp-has-aspect-ratio wp-block-embed alignfull is-type-video is-provider-youtube wp-block-embed-youtube has-mobile-text-align-center eplus-wrapper eplus-styles-uid-87c690\"><div class=\"wp-block-embed__wrapper\">\n<iframe loading=\"lazy\" title=\"Mounting wooden turbine with electric crane\" width=\"640\" height=\"360\" src=\"https:\/\/www.youtube.com\/embed\/34d9XNn-pXo?start=27&amp;feature=oembed\" frameborder=\"0\" allow=\"accelerometer; autoplay; clipboard-write; encrypted-media; gyroscope; picture-in-picture; web-share\" referrerpolicy=\"strict-origin-when-cross-origin\" allowfullscreen><\/iframe>\n<\/div><\/figure>","protected":false},"excerpt":{"rendered":"<p>Hos Nordic Crane arbejder vi for en b\u00e6redygtig fremtid. Sidste sommer var vi med at bygge Sveriges f\u00f8rste tr\u00e6vindm\u00f8lle med vores 250 tons helelektriske b\u00e6ltekran. Fordelene ved tr\u00e6Brug af tr\u00e6 i stedet for st\u00e5l til vindm\u00f8ller kan reducere kuldioxidudledningen med 90%, da tr\u00e6 som materiale binder kuldioxid. Vores banebrydende projekt brugte verdens f\u00f8rste elektriske b\u00e6ltekran, [&hellip;]<\/p>\n","protected":false},"author":2,"featured_media":23371,"comment_status":"open","ping_status":"open","sticky":false,"template":"","format":"standard","meta":{"_acf_changed":false,"inline_featured_image":false,"_editorskit_title_hidden":false,"_editorskit_reading_time":0,"_editorskit_is_block_options_detached":false,"_editorskit_block_options_position":"{}","editor_plus_copied_stylings":"{}","footnotes":""},"categories":[10],"tags":[],"class_list":["post-23369","post","type-post","status-publish","format-standard","has-post-thumbnail","hentry","category-projekter"],"acf":[],"featured_image_src":"https:\/\/nordiccrane.com\/dk\/wp-content\/uploads\/sites\/4\/2024\/06\/Nordic_Crane_stills-5.png","author_info":{"display_name":"Cato Brekke Andersen","author_link":"https:\/\/nordiccrane.com\/dk\/author\/cato\/"},"yoast_head":"<!-- This site is optimized with the Yoast SEO plugin v27.4 - https:\/\/yoast.com\/product\/yoast-seo-wordpress\/ -->\n<title>Projekt: Tr\u00e6vindm\u00f8ller<\/title>\n<meta name=\"description\" content=\"Hos Nordic Crane arbejder vi for en b\u00e6redygtig fremtid. Sidste sommer var vi med at bygge Sveriges f\u00f8rste tr\u00e6vindm\u00f8lle med vores 250 tons helelektriske b\u00e6ltekran.\" \/>\n<meta name=\"robots\" content=\"index, follow, max-snippet:-1, max-image-preview:large, max-video-preview:-1\" \/>\n<link rel=\"canonical\" href=\"https:\/\/nordiccrane.com\/dk\/projekt-traevindmoeller\/projekter\/\" \/>\n<meta property=\"og:locale\" content=\"da_DK\" \/>\n<meta property=\"og:type\" content=\"article\" \/>\n<meta property=\"og:title\" content=\"Projekt: Tr\u00e6vindm\u00f8ller\" \/>\n<meta property=\"og:description\" content=\"Hos Nordic Crane arbejder vi for en b\u00e6redygtig fremtid. Sidste sommer var vi med at bygge Sveriges f\u00f8rste tr\u00e6vindm\u00f8lle med vores 250 tons helelektriske b\u00e6ltekran.\" \/>\n<meta property=\"og:url\" content=\"https:\/\/nordiccrane.com\/dk\/projekt-traevindmoeller\/projekter\/\" \/>\n<meta property=\"og:site_name\" content=\"Nordic Crane Danmark\" \/>\n<meta property=\"article:published_time\" content=\"2024-06-11T09:37:59+00:00\" \/>\n<meta property=\"og:image\" content=\"https:\/\/nordiccrane.com\/dk\/wp-content\/uploads\/sites\/4\/2024\/06\/Nordic_Crane_stills-5-1024x576.png\" \/>\n\t<meta property=\"og:image:width\" content=\"1024\" \/>\n\t<meta property=\"og:image:height\" content=\"576\" \/>\n\t<meta property=\"og:image:type\" content=\"image\/png\" \/>\n<meta name=\"author\" content=\"Cato Brekke Andersen\" \/>\n<meta name=\"twitter:card\" content=\"summary_large_image\" \/>\n<meta name=\"twitter:label1\" content=\"Skrevet af\" \/>\n\t<meta name=\"twitter:data1\" content=\"Cato Brekke Andersen\" \/>\n\t<meta name=\"twitter:label2\" content=\"Estimeret l\u00e6setid\" \/>\n\t<meta name=\"twitter:data2\" content=\"2 minutter\" \/>\n<script type=\"application\/ld+json\" class=\"yoast-schema-graph\">{\"@context\":\"https:\\\/\\\/schema.org\",\"@graph\":[{\"@type\":\"Article\",\"@id\":\"https:\\\/\\\/nordiccrane.com\\\/dk\\\/projekt-traevindmoeller\\\/projekter\\\/#article\",\"isPartOf\":{\"@id\":\"https:\\\/\\\/nordiccrane.com\\\/dk\\\/projekt-traevindmoeller\\\/projekter\\\/\"},\"author\":{\"name\":\"Cato Brekke Andersen\",\"@id\":\"https:\\\/\\\/nordiccrane.com\\\/dk\\\/#\\\/schema\\\/person\\\/a7250ac6fba223dd7c0faf6d4c805466\"},\"headline\":\"Projekt: Tr\u00e6vindm\u00f8ller\",\"datePublished\":\"2024-06-11T09:37:59+00:00\",\"mainEntityOfPage\":{\"@id\":\"https:\\\/\\\/nordiccrane.com\\\/dk\\\/projekt-traevindmoeller\\\/projekter\\\/\"},\"wordCount\":285,\"commentCount\":0,\"image\":{\"@id\":\"https:\\\/\\\/nordiccrane.com\\\/dk\\\/projekt-traevindmoeller\\\/projekter\\\/#primaryimage\"},\"thumbnailUrl\":\"https:\\\/\\\/nordiccrane.com\\\/dk\\\/wp-content\\\/uploads\\\/sites\\\/4\\\/2024\\\/06\\\/Nordic_Crane_stills-5.png\",\"articleSection\":[\"Projekter\"],\"inLanguage\":\"da-DK\",\"potentialAction\":[{\"@type\":\"CommentAction\",\"name\":\"Comment\",\"target\":[\"https:\\\/\\\/nordiccrane.com\\\/dk\\\/projekt-traevindmoeller\\\/projekter\\\/#respond\"]}]},{\"@type\":\"WebPage\",\"@id\":\"https:\\\/\\\/nordiccrane.com\\\/dk\\\/projekt-traevindmoeller\\\/projekter\\\/\",\"url\":\"https:\\\/\\\/nordiccrane.com\\\/dk\\\/projekt-traevindmoeller\\\/projekter\\\/\",\"name\":\"Projekt: Tr\u00e6vindm\u00f8ller\",\"isPartOf\":{\"@id\":\"https:\\\/\\\/nordiccrane.com\\\/dk\\\/#website\"},\"primaryImageOfPage\":{\"@id\":\"https:\\\/\\\/nordiccrane.com\\\/dk\\\/projekt-traevindmoeller\\\/projekter\\\/#primaryimage\"},\"image\":{\"@id\":\"https:\\\/\\\/nordiccrane.com\\\/dk\\\/projekt-traevindmoeller\\\/projekter\\\/#primaryimage\"},\"thumbnailUrl\":\"https:\\\/\\\/nordiccrane.com\\\/dk\\\/wp-content\\\/uploads\\\/sites\\\/4\\\/2024\\\/06\\\/Nordic_Crane_stills-5.png\",\"datePublished\":\"2024-06-11T09:37:59+00:00\",\"author\":{\"@id\":\"https:\\\/\\\/nordiccrane.com\\\/dk\\\/#\\\/schema\\\/person\\\/a7250ac6fba223dd7c0faf6d4c805466\"},\"description\":\"Hos Nordic Crane arbejder vi for en b\u00e6redygtig fremtid. Sidste sommer var vi med at bygge Sveriges f\u00f8rste tr\u00e6vindm\u00f8lle med vores 250 tons helelektriske b\u00e6ltekran.\",\"breadcrumb\":{\"@id\":\"https:\\\/\\\/nordiccrane.com\\\/dk\\\/projekt-traevindmoeller\\\/projekter\\\/#breadcrumb\"},\"inLanguage\":\"da-DK\",\"potentialAction\":[{\"@type\":\"ReadAction\",\"target\":[\"https:\\\/\\\/nordiccrane.com\\\/dk\\\/projekt-traevindmoeller\\\/projekter\\\/\"]}]},{\"@type\":\"ImageObject\",\"inLanguage\":\"da-DK\",\"@id\":\"https:\\\/\\\/nordiccrane.com\\\/dk\\\/projekt-traevindmoeller\\\/projekter\\\/#primaryimage\",\"url\":\"https:\\\/\\\/nordiccrane.com\\\/dk\\\/wp-content\\\/uploads\\\/sites\\\/4\\\/2024\\\/06\\\/Nordic_Crane_stills-5.png\",\"contentUrl\":\"https:\\\/\\\/nordiccrane.com\\\/dk\\\/wp-content\\\/uploads\\\/sites\\\/4\\\/2024\\\/06\\\/Nordic_Crane_stills-5.png\",\"width\":3802,\"height\":2139},{\"@type\":\"BreadcrumbList\",\"@id\":\"https:\\\/\\\/nordiccrane.com\\\/dk\\\/projekt-traevindmoeller\\\/projekter\\\/#breadcrumb\",\"itemListElement\":[{\"@type\":\"ListItem\",\"position\":1,\"name\":\"Home\",\"item\":\"https:\\\/\\\/nordiccrane.com\\\/dk\\\/\"},{\"@type\":\"ListItem\",\"position\":2,\"name\":\"Projekt: Tr\u00e6vindm\u00f8ller\"}]},{\"@type\":\"WebSite\",\"@id\":\"https:\\\/\\\/nordiccrane.com\\\/dk\\\/#website\",\"url\":\"https:\\\/\\\/nordiccrane.com\\\/dk\\\/\",\"name\":\"Nordic Crane Danmark\",\"description\":\"\",\"potentialAction\":[{\"@type\":\"SearchAction\",\"target\":{\"@type\":\"EntryPoint\",\"urlTemplate\":\"https:\\\/\\\/nordiccrane.com\\\/dk\\\/?s={search_term_string}\"},\"query-input\":{\"@type\":\"PropertyValueSpecification\",\"valueRequired\":true,\"valueName\":\"search_term_string\"}}],\"inLanguage\":\"da-DK\"},{\"@type\":\"Person\",\"@id\":\"https:\\\/\\\/nordiccrane.com\\\/dk\\\/#\\\/schema\\\/person\\\/a7250ac6fba223dd7c0faf6d4c805466\",\"name\":\"Cato Brekke Andersen\",\"image\":{\"@type\":\"ImageObject\",\"inLanguage\":\"da-DK\",\"@id\":\"https:\\\/\\\/secure.gravatar.com\\\/avatar\\\/280e6a7c42b55b4430f570d41bf2e56571f009406fc6441dc1bbdfbb47f24c9d?s=96&d=mm&r=g\",\"url\":\"https:\\\/\\\/secure.gravatar.com\\\/avatar\\\/280e6a7c42b55b4430f570d41bf2e56571f009406fc6441dc1bbdfbb47f24c9d?s=96&d=mm&r=g\",\"contentUrl\":\"https:\\\/\\\/secure.gravatar.com\\\/avatar\\\/280e6a7c42b55b4430f570d41bf2e56571f009406fc6441dc1bbdfbb47f24c9d?s=96&d=mm&r=g\",\"caption\":\"Cato Brekke Andersen\"},\"url\":\"https:\\\/\\\/nordiccrane.com\\\/dk\\\/author\\\/cato\\\/\"}]}<\/script>\n<!-- \/ Yoast SEO plugin. -->","yoast_head_json":{"title":"Projekt: Tr\u00e6vindm\u00f8ller","description":"Hos Nordic Crane arbejder vi for en b\u00e6redygtig fremtid. Sidste sommer var vi med at bygge Sveriges f\u00f8rste tr\u00e6vindm\u00f8lle med vores 250 tons helelektriske b\u00e6ltekran.","robots":{"index":"index","follow":"follow","max-snippet":"max-snippet:-1","max-image-preview":"max-image-preview:large","max-video-preview":"max-video-preview:-1"},"canonical":"https:\/\/nordiccrane.com\/dk\/projekt-traevindmoeller\/projekter\/","og_locale":"da_DK","og_type":"article","og_title":"Projekt: Tr\u00e6vindm\u00f8ller","og_description":"Hos Nordic Crane arbejder vi for en b\u00e6redygtig fremtid. Sidste sommer var vi med at bygge Sveriges f\u00f8rste tr\u00e6vindm\u00f8lle med vores 250 tons helelektriske b\u00e6ltekran.","og_url":"https:\/\/nordiccrane.com\/dk\/projekt-traevindmoeller\/projekter\/","og_site_name":"Nordic Crane Danmark","article_published_time":"2024-06-11T09:37:59+00:00","og_image":[{"width":1024,"height":576,"url":"https:\/\/nordiccrane.com\/dk\/wp-content\/uploads\/sites\/4\/2024\/06\/Nordic_Crane_stills-5-1024x576.png","type":"image\/png"}],"author":"Cato Brekke Andersen","twitter_card":"summary_large_image","twitter_misc":{"Skrevet af":"Cato Brekke Andersen","Estimeret l\u00e6setid":"2 minutter"},"schema":{"@context":"https:\/\/schema.org","@graph":[{"@type":"Article","@id":"https:\/\/nordiccrane.com\/dk\/projekt-traevindmoeller\/projekter\/#article","isPartOf":{"@id":"https:\/\/nordiccrane.com\/dk\/projekt-traevindmoeller\/projekter\/"},"author":{"name":"Cato Brekke Andersen","@id":"https:\/\/nordiccrane.com\/dk\/#\/schema\/person\/a7250ac6fba223dd7c0faf6d4c805466"},"headline":"Projekt: Tr\u00e6vindm\u00f8ller","datePublished":"2024-06-11T09:37:59+00:00","mainEntityOfPage":{"@id":"https:\/\/nordiccrane.com\/dk\/projekt-traevindmoeller\/projekter\/"},"wordCount":285,"commentCount":0,"image":{"@id":"https:\/\/nordiccrane.com\/dk\/projekt-traevindmoeller\/projekter\/#primaryimage"},"thumbnailUrl":"https:\/\/nordiccrane.com\/dk\/wp-content\/uploads\/sites\/4\/2024\/06\/Nordic_Crane_stills-5.png","articleSection":["Projekter"],"inLanguage":"da-DK","potentialAction":[{"@type":"CommentAction","name":"Comment","target":["https:\/\/nordiccrane.com\/dk\/projekt-traevindmoeller\/projekter\/#respond"]}]},{"@type":"WebPage","@id":"https:\/\/nordiccrane.com\/dk\/projekt-traevindmoeller\/projekter\/","url":"https:\/\/nordiccrane.com\/dk\/projekt-traevindmoeller\/projekter\/","name":"Projekt: Tr\u00e6vindm\u00f8ller","isPartOf":{"@id":"https:\/\/nordiccrane.com\/dk\/#website"},"primaryImageOfPage":{"@id":"https:\/\/nordiccrane.com\/dk\/projekt-traevindmoeller\/projekter\/#primaryimage"},"image":{"@id":"https:\/\/nordiccrane.com\/dk\/projekt-traevindmoeller\/projekter\/#primaryimage"},"thumbnailUrl":"https:\/\/nordiccrane.com\/dk\/wp-content\/uploads\/sites\/4\/2024\/06\/Nordic_Crane_stills-5.png","datePublished":"2024-06-11T09:37:59+00:00","author":{"@id":"https:\/\/nordiccrane.com\/dk\/#\/schema\/person\/a7250ac6fba223dd7c0faf6d4c805466"},"description":"Hos Nordic Crane arbejder vi for en b\u00e6redygtig fremtid. Sidste sommer var vi med at bygge Sveriges f\u00f8rste tr\u00e6vindm\u00f8lle med vores 250 tons helelektriske b\u00e6ltekran.","breadcrumb":{"@id":"https:\/\/nordiccrane.com\/dk\/projekt-traevindmoeller\/projekter\/#breadcrumb"},"inLanguage":"da-DK","potentialAction":[{"@type":"ReadAction","target":["https:\/\/nordiccrane.com\/dk\/projekt-traevindmoeller\/projekter\/"]}]},{"@type":"ImageObject","inLanguage":"da-DK","@id":"https:\/\/nordiccrane.com\/dk\/projekt-traevindmoeller\/projekter\/#primaryimage","url":"https:\/\/nordiccrane.com\/dk\/wp-content\/uploads\/sites\/4\/2024\/06\/Nordic_Crane_stills-5.png","contentUrl":"https:\/\/nordiccrane.com\/dk\/wp-content\/uploads\/sites\/4\/2024\/06\/Nordic_Crane_stills-5.png","width":3802,"height":2139},{"@type":"BreadcrumbList","@id":"https:\/\/nordiccrane.com\/dk\/projekt-traevindmoeller\/projekter\/#breadcrumb","itemListElement":[{"@type":"ListItem","position":1,"name":"Home","item":"https:\/\/nordiccrane.com\/dk\/"},{"@type":"ListItem","position":2,"name":"Projekt: Tr\u00e6vindm\u00f8ller"}]},{"@type":"WebSite","@id":"https:\/\/nordiccrane.com\/dk\/#website","url":"https:\/\/nordiccrane.com\/dk\/","name":"Nordic Crane Danmark","description":"","potentialAction":[{"@type":"SearchAction","target":{"@type":"EntryPoint","urlTemplate":"https:\/\/nordiccrane.com\/dk\/?s={search_term_string}"},"query-input":{"@type":"PropertyValueSpecification","valueRequired":true,"valueName":"search_term_string"}}],"inLanguage":"da-DK"},{"@type":"Person","@id":"https:\/\/nordiccrane.com\/dk\/#\/schema\/person\/a7250ac6fba223dd7c0faf6d4c805466","name":"Cato Brekke Andersen","image":{"@type":"ImageObject","inLanguage":"da-DK","@id":"https:\/\/secure.gravatar.com\/avatar\/280e6a7c42b55b4430f570d41bf2e56571f009406fc6441dc1bbdfbb47f24c9d?s=96&d=mm&r=g","url":"https:\/\/secure.gravatar.com\/avatar\/280e6a7c42b55b4430f570d41bf2e56571f009406fc6441dc1bbdfbb47f24c9d?s=96&d=mm&r=g","contentUrl":"https:\/\/secure.gravatar.com\/avatar\/280e6a7c42b55b4430f570d41bf2e56571f009406fc6441dc1bbdfbb47f24c9d?s=96&d=mm&r=g","caption":"Cato Brekke Andersen"},"url":"https:\/\/nordiccrane.com\/dk\/author\/cato\/"}]}},"_links":{"self":[{"href":"https:\/\/nordiccrane.com\/dk\/wp-json\/wp\/v2\/posts\/23369","targetHints":{"allow":["GET"]}}],"collection":[{"href":"https:\/\/nordiccrane.com\/dk\/wp-json\/wp\/v2\/posts"}],"about":[{"href":"https:\/\/nordiccrane.com\/dk\/wp-json\/wp\/v2\/types\/post"}],"author":[{"embeddable":true,"href":"https:\/\/nordiccrane.com\/dk\/wp-json\/wp\/v2\/users\/2"}],"replies":[{"embeddable":true,"href":"https:\/\/nordiccrane.com\/dk\/wp-json\/wp\/v2\/comments?post=23369"}],"version-history":[{"count":2,"href":"https:\/\/nordiccrane.com\/dk\/wp-json\/wp\/v2\/posts\/23369\/revisions"}],"predecessor-version":[{"id":23372,"href":"https:\/\/nordiccrane.com\/dk\/wp-json\/wp\/v2\/posts\/23369\/revisions\/23372"}],"wp:featuredmedia":[{"embeddable":true,"href":"https:\/\/nordiccrane.com\/dk\/wp-json\/wp\/v2\/media\/23371"}],"wp:attachment":[{"href":"https:\/\/nordiccrane.com\/dk\/wp-json\/wp\/v2\/media?parent=23369"}],"wp:term":[{"taxonomy":"category","embeddable":true,"href":"https:\/\/nordiccrane.com\/dk\/wp-json\/wp\/v2\/categories?post=23369"},{"taxonomy":"post_tag","embeddable":true,"href":"https:\/\/nordiccrane.com\/dk\/wp-json\/wp\/v2\/tags?post=23369"}],"curies":[{"name":"wp","href":"https:\/\/api.w.org\/{rel}","templated":true}]}}