{"id":21329,"date":"2023-11-17T13:46:18","date_gmt":"2023-11-17T12:46:18","guid":{"rendered":"https:\/\/nordiccrane.com\/no\/?p=21329"},"modified":"2024-01-19T13:48:02","modified_gmt":"2024-01-19T12:48:02","slug":"prosjekt-montering-av-tarnkran","status":"publish","type":"post","link":"https:\/\/nordiccrane.com\/se\/prosjekt-montering-av-tarnkran\/projekter\/","title":{"rendered":"Projekt: Installation av tornkran"},"content":{"rendered":"\n<p class=\" eplus-wrapper\">Den nya bron kommer att byggas p\u00e5 samma s\u00e4tt som den gamla, som \u00e4r Norges h\u00f6gsta snedkabelbro med ett torn h\u00f6jd p\u00e5 166 meter. Nordic Crane \u00e4r med i projektet och var till exempel mycket involverade i installationen av tornkranar tidigare i h\u00f6stas.&nbsp;<br><br>Den mest utmanande aspekten av just den h\u00e4r installationen var terr\u00e4ngen. H\u00e4r \u00e4r det mycket upp och ner, och det finns d\u00e4rf\u00f6r ingen naturlig parkeringsplats f\u00f6r en stor mobilkran p\u00e5 500 ton. L\u00f6sningen blev att placera apparaturen p\u00e5 plat\u00e5er. Du kan se mer av detta i filmen l\u00e4ngre ner.&nbsp;<\/p>\n\n\n\n<p class=\" eplus-wrapper\">Ola Westerling och Oskar Nilsson var p\u00e5 plats som kranf\u00f6rare.<\/p>\n\n\n\n<figure class=\"wp-embed-aspect-16-9 wp-has-aspect-ratio wp-block-embed is-type-video is-provider-youtube wp-block-embed-youtube eplus-wrapper\"><div class=\"wp-block-embed__wrapper\">\n<iframe loading=\"lazy\" title=\"Mounting the tower crane from a difficult location\" width=\"640\" height=\"360\" src=\"https:\/\/www.youtube.com\/embed\/3QwaIXAsoKo?feature=oembed\" frameborder=\"0\" allow=\"accelerometer; autoplay; clipboard-write; encrypted-media; gyroscope; picture-in-picture; web-share\" referrerpolicy=\"strict-origin-when-cross-origin\" allowfullscreen><\/iframe>\n<\/div><\/figure>\n","protected":false},"excerpt":{"rendered":"<p>Den nya bron kommer att byggas p\u00e5 samma s\u00e4tt som den gamla, som \u00e4r Norges h\u00f6gsta snedkabelbro med ett torn h\u00f6jd p\u00e5 166 meter. Nordic Crane \u00e4r med i projektet och var till exempel mycket involverade i installationen av tornkranar tidigare i h\u00f6stas.&nbsp; Den mest utmanande aspekten av just den h\u00e4r installationen var terr\u00e4ngen. H\u00e4r [&hellip;]<\/p>\n","protected":false},"author":2,"featured_media":21332,"comment_status":"closed","ping_status":"open","sticky":false,"template":"","format":"standard","meta":{"_acf_changed":false,"inline_featured_image":false,"_editorskit_title_hidden":false,"_editorskit_reading_time":0,"_editorskit_is_block_options_detached":false,"_editorskit_block_options_position":"{}","editor_plus_copied_stylings":"{}","footnotes":""},"categories":[23],"tags":[],"class_list":["post-21329","post","type-post","status-publish","format-standard","has-post-thumbnail","hentry","category-projekter"],"acf":[],"featured_image_src":"https:\/\/nordiccrane.com\/se\/wp-content\/uploads\/sites\/3\/2023\/12\/20231023_Nordic-crane-Grenlandsbrua-13-1-scaled-1.jpg","author_info":{"display_name":"Cato Brekke Andersen","author_link":"https:\/\/nordiccrane.com\/se\/author\/cato\/"},"yoast_head":"<!-- This site is optimized with the Yoast SEO plugin v27.4 - https:\/\/yoast.com\/product\/yoast-seo-wordpress\/ -->\n<title>Projekt: Installation av tornkran - Nordic Crane Sverige<\/title>\n<meta name=\"robots\" content=\"index, follow, max-snippet:-1, max-image-preview:large, max-video-preview:-1\" \/>\n<link rel=\"canonical\" href=\"https:\/\/nordiccrane.com\/se\/prosjekt-montering-av-tarnkran\/projekter\/\" \/>\n<meta property=\"og:locale\" content=\"sv_SE\" \/>\n<meta property=\"og:type\" content=\"article\" \/>\n<meta property=\"og:title\" content=\"Projekt: Installation av tornkran - Nordic Crane Sverige\" \/>\n<meta property=\"og:description\" content=\"Den nya bron kommer att byggas p\u00e5 samma s\u00e4tt som den gamla, som \u00e4r Norges h\u00f6gsta snedkabelbro med ett torn h\u00f6jd p\u00e5 166 meter. Nordic Crane \u00e4r med i projektet och var till exempel mycket involverade i installationen av tornkranar tidigare i h\u00f6stas.&nbsp; Den mest utmanande aspekten av just den h\u00e4r installationen var terr\u00e4ngen. H\u00e4r [&hellip;]\" \/>\n<meta property=\"og:url\" content=\"https:\/\/nordiccrane.com\/se\/prosjekt-montering-av-tarnkran\/projekter\/\" \/>\n<meta property=\"og:site_name\" content=\"Nordic Crane Sverige\" \/>\n<meta property=\"article:published_time\" content=\"2023-11-17T12:46:18+00:00\" \/>\n<meta property=\"article:modified_time\" content=\"2024-01-19T12:48:02+00:00\" \/>\n<meta property=\"og:image\" content=\"https:\/\/nordiccrane.com\/se\/wp-content\/uploads\/sites\/3\/2023\/12\/20231023_Nordic-crane-Grenlandsbrua-13-1-scaled-1.jpg\" \/>\n\t<meta property=\"og:image:width\" content=\"2560\" \/>\n\t<meta property=\"og:image:height\" content=\"1438\" \/>\n\t<meta property=\"og:image:type\" content=\"image\/jpeg\" \/>\n<meta name=\"author\" content=\"Cato Brekke Andersen\" \/>\n<meta name=\"twitter:card\" content=\"summary_large_image\" \/>\n<meta name=\"twitter:label1\" content=\"Skriven av\" \/>\n\t<meta name=\"twitter:data1\" content=\"Cato Brekke Andersen\" \/>\n\t<meta name=\"twitter:label2\" content=\"Ber\u00e4knad l\u00e4stid\" \/>\n\t<meta name=\"twitter:data2\" content=\"1 minut\" \/>\n<script type=\"application\/ld+json\" class=\"yoast-schema-graph\">{\"@context\":\"https:\\\/\\\/schema.org\",\"@graph\":[{\"@type\":\"Article\",\"@id\":\"https:\\\/\\\/nordiccrane.com\\\/se\\\/prosjekt-montering-av-tarnkran\\\/projekter\\\/#article\",\"isPartOf\":{\"@id\":\"https:\\\/\\\/nordiccrane.com\\\/se\\\/prosjekt-montering-av-tarnkran\\\/projekter\\\/\"},\"author\":{\"name\":\"Cato Brekke Andersen\",\"@id\":\"https:\\\/\\\/nordiccrane.com\\\/se\\\/#\\\/schema\\\/person\\\/a7250ac6fba223dd7c0faf6d4c805466\"},\"headline\":\"Projekt: Installation av tornkran\",\"datePublished\":\"2023-11-17T12:46:18+00:00\",\"dateModified\":\"2024-01-19T12:48:02+00:00\",\"mainEntityOfPage\":{\"@id\":\"https:\\\/\\\/nordiccrane.com\\\/se\\\/prosjekt-montering-av-tarnkran\\\/projekter\\\/\"},\"wordCount\":127,\"image\":{\"@id\":\"https:\\\/\\\/nordiccrane.com\\\/se\\\/prosjekt-montering-av-tarnkran\\\/projekter\\\/#primaryimage\"},\"thumbnailUrl\":\"https:\\\/\\\/nordiccrane.com\\\/se\\\/wp-content\\\/uploads\\\/sites\\\/3\\\/2023\\\/12\\\/20231023_Nordic-crane-Grenlandsbrua-13-1-scaled-1.jpg\",\"articleSection\":[\"Projekt\"],\"inLanguage\":\"sv-SE\"},{\"@type\":\"WebPage\",\"@id\":\"https:\\\/\\\/nordiccrane.com\\\/se\\\/prosjekt-montering-av-tarnkran\\\/projekter\\\/\",\"url\":\"https:\\\/\\\/nordiccrane.com\\\/se\\\/prosjekt-montering-av-tarnkran\\\/projekter\\\/\",\"name\":\"Projekt: Installation av tornkran - Nordic Crane Sverige\",\"isPartOf\":{\"@id\":\"https:\\\/\\\/nordiccrane.com\\\/se\\\/#website\"},\"primaryImageOfPage\":{\"@id\":\"https:\\\/\\\/nordiccrane.com\\\/se\\\/prosjekt-montering-av-tarnkran\\\/projekter\\\/#primaryimage\"},\"image\":{\"@id\":\"https:\\\/\\\/nordiccrane.com\\\/se\\\/prosjekt-montering-av-tarnkran\\\/projekter\\\/#primaryimage\"},\"thumbnailUrl\":\"https:\\\/\\\/nordiccrane.com\\\/se\\\/wp-content\\\/uploads\\\/sites\\\/3\\\/2023\\\/12\\\/20231023_Nordic-crane-Grenlandsbrua-13-1-scaled-1.jpg\",\"datePublished\":\"2023-11-17T12:46:18+00:00\",\"dateModified\":\"2024-01-19T12:48:02+00:00\",\"author\":{\"@id\":\"https:\\\/\\\/nordiccrane.com\\\/se\\\/#\\\/schema\\\/person\\\/a7250ac6fba223dd7c0faf6d4c805466\"},\"breadcrumb\":{\"@id\":\"https:\\\/\\\/nordiccrane.com\\\/se\\\/prosjekt-montering-av-tarnkran\\\/projekter\\\/#breadcrumb\"},\"inLanguage\":\"sv-SE\",\"potentialAction\":[{\"@type\":\"ReadAction\",\"target\":[\"https:\\\/\\\/nordiccrane.com\\\/se\\\/prosjekt-montering-av-tarnkran\\\/projekter\\\/\"]}]},{\"@type\":\"ImageObject\",\"inLanguage\":\"sv-SE\",\"@id\":\"https:\\\/\\\/nordiccrane.com\\\/se\\\/prosjekt-montering-av-tarnkran\\\/projekter\\\/#primaryimage\",\"url\":\"https:\\\/\\\/nordiccrane.com\\\/se\\\/wp-content\\\/uploads\\\/sites\\\/3\\\/2023\\\/12\\\/20231023_Nordic-crane-Grenlandsbrua-13-1-scaled-1.jpg\",\"contentUrl\":\"https:\\\/\\\/nordiccrane.com\\\/se\\\/wp-content\\\/uploads\\\/sites\\\/3\\\/2023\\\/12\\\/20231023_Nordic-crane-Grenlandsbrua-13-1-scaled-1.jpg\",\"width\":2560,\"height\":1438},{\"@type\":\"BreadcrumbList\",\"@id\":\"https:\\\/\\\/nordiccrane.com\\\/se\\\/prosjekt-montering-av-tarnkran\\\/projekter\\\/#breadcrumb\",\"itemListElement\":[{\"@type\":\"ListItem\",\"position\":1,\"name\":\"Home\",\"item\":\"https:\\\/\\\/nordiccrane.com\\\/se\\\/\"},{\"@type\":\"ListItem\",\"position\":2,\"name\":\"Projekt: Installation av tornkran\"}]},{\"@type\":\"WebSite\",\"@id\":\"https:\\\/\\\/nordiccrane.com\\\/se\\\/#website\",\"url\":\"https:\\\/\\\/nordiccrane.com\\\/se\\\/\",\"name\":\"Nordic Crane Sverige\",\"description\":\"\",\"potentialAction\":[{\"@type\":\"SearchAction\",\"target\":{\"@type\":\"EntryPoint\",\"urlTemplate\":\"https:\\\/\\\/nordiccrane.com\\\/se\\\/?s={search_term_string}\"},\"query-input\":{\"@type\":\"PropertyValueSpecification\",\"valueRequired\":true,\"valueName\":\"search_term_string\"}}],\"inLanguage\":\"sv-SE\"},{\"@type\":\"Person\",\"@id\":\"https:\\\/\\\/nordiccrane.com\\\/se\\\/#\\\/schema\\\/person\\\/a7250ac6fba223dd7c0faf6d4c805466\",\"name\":\"Cato Brekke Andersen\",\"image\":{\"@type\":\"ImageObject\",\"inLanguage\":\"sv-SE\",\"@id\":\"https:\\\/\\\/secure.gravatar.com\\\/avatar\\\/280e6a7c42b55b4430f570d41bf2e56571f009406fc6441dc1bbdfbb47f24c9d?s=96&d=mm&r=g\",\"url\":\"https:\\\/\\\/secure.gravatar.com\\\/avatar\\\/280e6a7c42b55b4430f570d41bf2e56571f009406fc6441dc1bbdfbb47f24c9d?s=96&d=mm&r=g\",\"contentUrl\":\"https:\\\/\\\/secure.gravatar.com\\\/avatar\\\/280e6a7c42b55b4430f570d41bf2e56571f009406fc6441dc1bbdfbb47f24c9d?s=96&d=mm&r=g\",\"caption\":\"Cato Brekke Andersen\"},\"url\":\"https:\\\/\\\/nordiccrane.com\\\/se\\\/author\\\/cato\\\/\"}]}<\/script>\n<!-- \/ Yoast SEO plugin. -->","yoast_head_json":{"title":"Projekt: Installation av tornkran - Nordic Crane Sverige","robots":{"index":"index","follow":"follow","max-snippet":"max-snippet:-1","max-image-preview":"max-image-preview:large","max-video-preview":"max-video-preview:-1"},"canonical":"https:\/\/nordiccrane.com\/se\/prosjekt-montering-av-tarnkran\/projekter\/","og_locale":"sv_SE","og_type":"article","og_title":"Projekt: Installation av tornkran - Nordic Crane Sverige","og_description":"Den nya bron kommer att byggas p\u00e5 samma s\u00e4tt som den gamla, som \u00e4r Norges h\u00f6gsta snedkabelbro med ett torn h\u00f6jd p\u00e5 166 meter. Nordic Crane \u00e4r med i projektet och var till exempel mycket involverade i installationen av tornkranar tidigare i h\u00f6stas.&nbsp; Den mest utmanande aspekten av just den h\u00e4r installationen var terr\u00e4ngen. H\u00e4r [&hellip;]","og_url":"https:\/\/nordiccrane.com\/se\/prosjekt-montering-av-tarnkran\/projekter\/","og_site_name":"Nordic Crane Sverige","article_published_time":"2023-11-17T12:46:18+00:00","article_modified_time":"2024-01-19T12:48:02+00:00","og_image":[{"width":2560,"height":1438,"url":"https:\/\/nordiccrane.com\/se\/wp-content\/uploads\/sites\/3\/2023\/12\/20231023_Nordic-crane-Grenlandsbrua-13-1-scaled-1.jpg","type":"image\/jpeg"}],"author":"Cato Brekke Andersen","twitter_card":"summary_large_image","twitter_misc":{"Skriven av":"Cato Brekke Andersen","Ber\u00e4knad l\u00e4stid":"1 minut"},"schema":{"@context":"https:\/\/schema.org","@graph":[{"@type":"Article","@id":"https:\/\/nordiccrane.com\/se\/prosjekt-montering-av-tarnkran\/projekter\/#article","isPartOf":{"@id":"https:\/\/nordiccrane.com\/se\/prosjekt-montering-av-tarnkran\/projekter\/"},"author":{"name":"Cato Brekke Andersen","@id":"https:\/\/nordiccrane.com\/se\/#\/schema\/person\/a7250ac6fba223dd7c0faf6d4c805466"},"headline":"Projekt: Installation av tornkran","datePublished":"2023-11-17T12:46:18+00:00","dateModified":"2024-01-19T12:48:02+00:00","mainEntityOfPage":{"@id":"https:\/\/nordiccrane.com\/se\/prosjekt-montering-av-tarnkran\/projekter\/"},"wordCount":127,"image":{"@id":"https:\/\/nordiccrane.com\/se\/prosjekt-montering-av-tarnkran\/projekter\/#primaryimage"},"thumbnailUrl":"https:\/\/nordiccrane.com\/se\/wp-content\/uploads\/sites\/3\/2023\/12\/20231023_Nordic-crane-Grenlandsbrua-13-1-scaled-1.jpg","articleSection":["Projekt"],"inLanguage":"sv-SE"},{"@type":"WebPage","@id":"https:\/\/nordiccrane.com\/se\/prosjekt-montering-av-tarnkran\/projekter\/","url":"https:\/\/nordiccrane.com\/se\/prosjekt-montering-av-tarnkran\/projekter\/","name":"Projekt: Installation av tornkran - Nordic Crane Sverige","isPartOf":{"@id":"https:\/\/nordiccrane.com\/se\/#website"},"primaryImageOfPage":{"@id":"https:\/\/nordiccrane.com\/se\/prosjekt-montering-av-tarnkran\/projekter\/#primaryimage"},"image":{"@id":"https:\/\/nordiccrane.com\/se\/prosjekt-montering-av-tarnkran\/projekter\/#primaryimage"},"thumbnailUrl":"https:\/\/nordiccrane.com\/se\/wp-content\/uploads\/sites\/3\/2023\/12\/20231023_Nordic-crane-Grenlandsbrua-13-1-scaled-1.jpg","datePublished":"2023-11-17T12:46:18+00:00","dateModified":"2024-01-19T12:48:02+00:00","author":{"@id":"https:\/\/nordiccrane.com\/se\/#\/schema\/person\/a7250ac6fba223dd7c0faf6d4c805466"},"breadcrumb":{"@id":"https:\/\/nordiccrane.com\/se\/prosjekt-montering-av-tarnkran\/projekter\/#breadcrumb"},"inLanguage":"sv-SE","potentialAction":[{"@type":"ReadAction","target":["https:\/\/nordiccrane.com\/se\/prosjekt-montering-av-tarnkran\/projekter\/"]}]},{"@type":"ImageObject","inLanguage":"sv-SE","@id":"https:\/\/nordiccrane.com\/se\/prosjekt-montering-av-tarnkran\/projekter\/#primaryimage","url":"https:\/\/nordiccrane.com\/se\/wp-content\/uploads\/sites\/3\/2023\/12\/20231023_Nordic-crane-Grenlandsbrua-13-1-scaled-1.jpg","contentUrl":"https:\/\/nordiccrane.com\/se\/wp-content\/uploads\/sites\/3\/2023\/12\/20231023_Nordic-crane-Grenlandsbrua-13-1-scaled-1.jpg","width":2560,"height":1438},{"@type":"BreadcrumbList","@id":"https:\/\/nordiccrane.com\/se\/prosjekt-montering-av-tarnkran\/projekter\/#breadcrumb","itemListElement":[{"@type":"ListItem","position":1,"name":"Home","item":"https:\/\/nordiccrane.com\/se\/"},{"@type":"ListItem","position":2,"name":"Projekt: Installation av tornkran"}]},{"@type":"WebSite","@id":"https:\/\/nordiccrane.com\/se\/#website","url":"https:\/\/nordiccrane.com\/se\/","name":"Nordic Crane Sverige","description":"","potentialAction":[{"@type":"SearchAction","target":{"@type":"EntryPoint","urlTemplate":"https:\/\/nordiccrane.com\/se\/?s={search_term_string}"},"query-input":{"@type":"PropertyValueSpecification","valueRequired":true,"valueName":"search_term_string"}}],"inLanguage":"sv-SE"},{"@type":"Person","@id":"https:\/\/nordiccrane.com\/se\/#\/schema\/person\/a7250ac6fba223dd7c0faf6d4c805466","name":"Cato Brekke Andersen","image":{"@type":"ImageObject","inLanguage":"sv-SE","@id":"https:\/\/secure.gravatar.com\/avatar\/280e6a7c42b55b4430f570d41bf2e56571f009406fc6441dc1bbdfbb47f24c9d?s=96&d=mm&r=g","url":"https:\/\/secure.gravatar.com\/avatar\/280e6a7c42b55b4430f570d41bf2e56571f009406fc6441dc1bbdfbb47f24c9d?s=96&d=mm&r=g","contentUrl":"https:\/\/secure.gravatar.com\/avatar\/280e6a7c42b55b4430f570d41bf2e56571f009406fc6441dc1bbdfbb47f24c9d?s=96&d=mm&r=g","caption":"Cato Brekke Andersen"},"url":"https:\/\/nordiccrane.com\/se\/author\/cato\/"}]}},"_links":{"self":[{"href":"https:\/\/nordiccrane.com\/se\/wp-json\/wp\/v2\/posts\/21329","targetHints":{"allow":["GET"]}}],"collection":[{"href":"https:\/\/nordiccrane.com\/se\/wp-json\/wp\/v2\/posts"}],"about":[{"href":"https:\/\/nordiccrane.com\/se\/wp-json\/wp\/v2\/types\/post"}],"author":[{"embeddable":true,"href":"https:\/\/nordiccrane.com\/se\/wp-json\/wp\/v2\/users\/2"}],"replies":[{"embeddable":true,"href":"https:\/\/nordiccrane.com\/se\/wp-json\/wp\/v2\/comments?post=21329"}],"version-history":[{"count":3,"href":"https:\/\/nordiccrane.com\/se\/wp-json\/wp\/v2\/posts\/21329\/revisions"}],"predecessor-version":[{"id":21918,"href":"https:\/\/nordiccrane.com\/se\/wp-json\/wp\/v2\/posts\/21329\/revisions\/21918"}],"wp:featuredmedia":[{"embeddable":true,"href":"https:\/\/nordiccrane.com\/se\/wp-json\/wp\/v2\/media\/21332"}],"wp:attachment":[{"href":"https:\/\/nordiccrane.com\/se\/wp-json\/wp\/v2\/media?parent=21329"}],"wp:term":[{"taxonomy":"category","embeddable":true,"href":"https:\/\/nordiccrane.com\/se\/wp-json\/wp\/v2\/categories?post=21329"},{"taxonomy":"post_tag","embeddable":true,"href":"https:\/\/nordiccrane.com\/se\/wp-json\/wp\/v2\/tags?post=21329"}],"curies":[{"name":"wp","href":"https:\/\/api.w.org\/{rel}","templated":true}]}}